{"id":10438,"date":"2026-04-23T11:38:33","date_gmt":"2026-04-23T09:38:33","guid":{"rendered":"https:\/\/isports.ch\/magazin\/velos-dappartement-pour-les-seniors-sentrainer-en-toute-securite-et-en-menageant-ses-articulations-a-un-age-avance\/"},"modified":"2026-04-24T16:55:05","modified_gmt":"2026-04-24T14:55:05","slug":"velos-dappartement-pour-les-seniors-sentrainer-en-toute-securite-et-en-menageant-ses-articulations-a-un-age-avance","status":"publish","type":"post","link":"https:\/\/isports.ch\/magazin\/fr\/velos-dappartement-pour-les-seniors-sentrainer-en-toute-securite-et-en-menageant-ses-articulations-a-un-age-avance\/","title":{"rendered":"V\u00e9los d\u2019appartement pour les seniors : s\u2019entra\u00eener en toute s\u00e9curit\u00e9 et en m\u00e9nageant ses articulations \u00e0 un \u00e2ge avanc\u00e9"},"content":{"rendered":"<p style=\"text-align: justify;\">Les per\u00adson\u00adnes qui p\u00e9da\u00adlent r\u00e9gu\u00adli\u00e8\u00adre\u00adment en vieil\u00adlis\u00adsant pro\u00adt\u00e8gent leur c\u0153ur, ren\u00adfor\u00adcent les muscles des jambes et main\u00adti\u00aden\u00adnent la sou\u00adplesse des arti\u00adcu\u00adla\u00adti\u00adons. Un <a href=\"https:\/\/isports.ch\/fr\/Endurance\/Velos-Ergometres\/Velo-d-appartement\/\" target=\"_blank\" rel=\"noopener noreferrer nofollow\">v\u00e9lo d\u2019appartement<\/a> pour seniors est un appa\u00adreil id\u00e9al pour l\u2019entra\u00eenement d\u2019endurance : il m\u00e9nage les arti\u00adcu\u00adla\u00adti\u00adons, peut \u00eatre r\u00e9gl\u00e9 indi\u00advi\u00addu\u00adel\u00adle\u00adment et con\u00advi\u00adent aussi bien par mauvais temps qu\u2019en cas de mobi\u00adlit\u00e9 r\u00e9duite. Dans ce guide, vous d\u00e9cou\u00advr\u00adi\u00adrez les points essentiels \u00e0 con\u00adsid\u00e9\u00adrer lors de l\u2019achat d\u2019un <a href=\"https:\/\/isports.ch\/fr\/Endurance\/Velos-Ergometres\/Velo-ergometre\/\" target=\"_blank\" rel=\"noopener noreferrer nofollow\">v\u00e9lo ergom\u00e8tre<\/a> et comment d\u00e9buter faci\u00adle\u00adment.<\/p>\n<h2>V\u00e9lo d\u2019appartement ou ergom\u00e8tre \u2013 quelle est la diff\u00e9rence ?<\/h2>\n<p data-start=\"915\" data-end=\"1309\">Les v\u00e9los d\u2019appartement et les ergom\u00e8\u00adtres sont-ils iden\u00adti\u00adques ? Presque. Un<a href=\"https:\/\/isports.ch\/fr\/Endurance\/Velos-Ergometres\/Velo-d-appartement\/\" target=\"_blank\" rel=\"noopener noreferrer nofollow\"> v\u00e9lo d\u2019appartement clas\u00adsi\u00adque<\/a> propose dif\u00adf\u00e9r\u00adents niveaux de r\u00e9sis\u00adtance et affiche des donn\u00e9es de base comme la vitesse, les calo\u00adries br\u00fbl\u00e9es ou la dur\u00e9e d\u2019entra\u00eenement. Ces appareils sont faciles \u00e0 uti\u00adli\u00adser et souvent plus com\u00adpacts \u2014 cer\u00adta\u00adins mod\u00e8les sont m\u00eame pli\u00ada\u00adbles, ce qui est pra\u00adtique lorsque l\u2019espace est limit\u00e9..<\/p>\n<h2>Quels sont les avantages de l\u2019entra\u00eenement avec un p\u00e9dalier ?<\/h2>\n<div id=\"attachment_8157\" style=\"width: 1290px\" class=\"wp-caption aligncenter\"><img loading=\"lazy\" decoding=\"async\" aria-describedby=\"caption-attachment-8157\" class=\"wp-image-8157 size-full\" title=\"Ein Heimtrainer f\u00fcr Senioren ist ein gelenkschonendes Ausdauertraining und f\u00f6rdert gleichzeitig das Herz-Kreislauf-System.\" src=\"https:\/\/isports.ch\/magazin\/wp-content\/uploads\/2026\/04\/seniorin-trainiert-zuhause-auf-pedaltrainer.webp\" alt=\"Seniorin trainiert zuhause auf Pedaltrainer\" width=\"1280\" height=\"853\" srcset=\"https:\/\/isports.ch\/magazin\/wp-content\/uploads\/2026\/04\/seniorin-trainiert-zuhause-auf-pedaltrainer.webp 1280w, https:\/\/isports.ch\/magazin\/wp-content\/uploads\/2026\/04\/seniorin-trainiert-zuhause-auf-pedaltrainer-980x653.webp 980w, https:\/\/isports.ch\/magazin\/wp-content\/uploads\/2026\/04\/seniorin-trainiert-zuhause-auf-pedaltrainer-480x320.webp 480w\" sizes=\"(min-width: 0px) and (max-width: 480px) 480px, (min-width: 481px) and (max-width: 980px) 980px, (min-width: 981px) 1280px, 100vw\"><p id=\"caption-attachment-8157\" class=\"wp-caption-text\">\u00a9 Geber86 \u2013 stock.adobe.com<\/p><\/div>\n<p data-start=\"1399\" data-end=\"1799\">Le mou\u00adve\u00adment cir\u00adcu\u00adlaire r\u00e9gu\u00adlier sur un v\u00e9lo d\u2019appartement sol\u00adli\u00adcite tr\u00e8s peu les genoux et les hanches \u2014 c\u2019est donc l\u2019une des formes de cardio les plus douces et effi\u00adcaces pour les seniors, car la majeure partie du poids du corps repose sur la selle. Ce type <a href=\"https:\/\/isports.ch\/magazin\/fr\/entrainement-cardio-efficace-a-la-maison\/\" target=\"_blank\" rel=\"noopener\">d\u2019entra\u00eenement<\/a> est par\u00adti\u00adcu\u00adli\u00e8\u00adre\u00adment recom\u00admand\u00e9 pour les per\u00adson\u00adnes souf\u00adfrant d\u2019arthrose ou de trou\u00adbles li\u00e9s \u00e0 l\u2019\u00e2ge de l\u2019appareil loco\u00admo\u00adteur..<\/p>\n<p><strong>Autres avan\u00adta\u00adges:<\/strong><\/p>\n<ul>\n<li data-section-id=\"zul1r7\" data-start=\"1824\" data-end=\"1901\">L\u2019intensit\u00e9 peut \u00eatre adapt\u00e9e \u00e0 tout moment au niveau de forme per\u00adson\u00adnel.<\/li>\n<li data-section-id=\"1izkle1\" data-start=\"1902\" data-end=\"1988\">Le syst\u00e8me car\u00addio\u00advas\u00adcu\u00adlaire est ren\u00adforc\u00e9 pro\u00adgres\u00adsi\u00adve\u00adment sans surchar\u00adger le corps.<\/li>\n<li data-section-id=\"19by2aa\" data-start=\"1989\" data-end=\"2065\"><a href=\"https:\/\/isports.ch\/fr\/Endurance\/\" target=\"_blank\" rel=\"noopener noreferrer nofollow\">L\u2019entra\u00eenement r\u00e9gu\u00adlier<\/a> ren\u00adforce les muscles des jambes et des fes\u00adsiers.<\/li>\n<li data-section-id=\"1dr7z0c\" data-start=\"2066\" data-end=\"2137\">Am\u00e9\u00adliore l\u2019\u00e9quilibre, la coor\u00addi\u00adna\u00adtion et la sta\u00adbi\u00adlit\u00e9 au quo\u00adti\u00addien.<\/li>\n<li data-section-id=\"1f8nneq\" data-start=\"2138\" data-end=\"2198\">L\u2019activit\u00e9 phy\u00adsi\u00adque r\u00e9gu\u00adli\u00e8re favo\u00adrise la sant\u00e9 mentale.<\/li>\n<li data-section-id=\"1jdblaf\" data-start=\"2199\" data-end=\"2247\">Un p\u00e9da\u00adlier ou ergom\u00e8tre prend peu de place.<\/li>\n<li data-section-id=\"18og0if\" data-start=\"2248\" data-end=\"2333\">Vous pouvez regar\u00adder la t\u00e9l\u00e9\u00advi\u00adsion ou \u00e9couter de la musique pendant l\u2019entra\u00eenement.<\/li>\n<\/ul>\n<h2>Ce qu\u2019il faut consid\u00e9rer lors de l\u2019achat d\u2019un v\u00e9lo d\u2019appartement pour senior<\/h2>\n<p data-start=\"2435\" data-end=\"2599\">Tous les v\u00e9los ne con\u00advi\u00aden\u00adnent pas auto\u00adma\u00adti\u00adquement aux per\u00adson\u00adnes \u00e2g\u00e9es. Pour garan\u00adtir s\u00e9cu\u00adrit\u00e9 et confort, il est important de pr\u00eater atten\u00adtion aux points sui\u00advants:<\/p>\n<p>&nbsp;<img loading=\"lazy\" decoding=\"async\" class=\"alignnone wp-image-10403\" src=\"https:\/\/isports.ch\/magazin\/wp-content\/uploads\/2026\/04\/A_23TBF20000_9_BASIC_GEN_BB.jpg\" alt width=\"256\" height=\"399\"><img loading=\"lazy\" decoding=\"async\" class=\"alignnone wp-image-10378\" src=\"https:\/\/isports.ch\/magazin\/wp-content\/uploads\/2026\/04\/23TBF20000_11_BASIC_GEN_BB.jpg\" alt=\"Heimtrainer f\u00fcr Senioren mit tiefem Einstieg und rutschfeste Pedale\" width=\"463\" height=\"463\"><\/p>\n<ul>\n<li data-section-id=\"u5x7e7\" data-start=\"2601\" data-end=\"2654\"><strong data-start=\"2603\" data-end=\"2618\">Acc\u00e8s bas :<\/strong> faci\u00adlite la mont\u00e9e et la des\u00adcente<\/li>\n<li data-section-id=\"y15rox\" data-start=\"2655\" data-end=\"2703\"><strong data-start=\"2657\" data-end=\"2680\">Selle ergo\u00adno\u00admi\u00adque :<\/strong> large et con\u00adfor\u00adta\u00adble<\/li>\n<li data-section-id=\"1945pys\" data-start=\"2704\" data-end=\"2753\"><strong data-start=\"2706\" data-end=\"2734\">P\u00e9dales anti\u00add\u00e9\u00adra\u00adpan\u00adtes :<\/strong> plus de s\u00e9cu\u00adrit\u00e9<\/li>\n<li data-section-id=\"1xhqr0l\" data-start=\"2754\" data-end=\"2807\"><strong data-start=\"2756\" data-end=\"2771\">Sta\u00adbi\u00adlit\u00e9 :<\/strong> appa\u00adreil plus lourd = plus stable<\/li>\n<\/ul>\n<p><img loading=\"lazy\" decoding=\"async\" class=\"alignnone wp-image-10400\" src=\"https:\/\/isports.ch\/magazin\/wp-content\/uploads\/2026\/04\/lg_23TBF20000_09_29485_1920x1920_A.jpg\" alt width=\"371\" height=\"660\">&nbsp; &nbsp; &nbsp; &nbsp; &nbsp; &nbsp; &nbsp; &nbsp; &nbsp;<img loading=\"lazy\" decoding=\"async\" class=\"alignnone wp-image-10396\" src=\"https:\/\/isports.ch\/magazin\/wp-content\/uploads\/2026\/04\/lg_23TBE80000_9719_1920x1920-1.jpg\" alt width=\"360\" height=\"511\"><\/p>\n<ul>\n<li style=\"text-align: justify;\"><strong data-start=\"49\" data-end=\"73\">Uti\u00adli\u00adsa\u00adtion simple :<\/strong> de grands \u00e9crans et des boutons \u00e0 fort con\u00adtraste sont par\u00adti\u00adcu\u00adli\u00e8\u00adre\u00adment agr\u00e9\u00ada\u00adbles pour les per\u00adson\u00adnes \u00e2g\u00e9es.<\/li>\n<li>Blue\u00adtooth (voir les donn\u00e9es tech\u00adni\u00adques de l\u2019ap\u00adpa\u00adreil con\u00adcern\u00e9)<\/li>\n<\/ul>\n<p><img loading=\"lazy\" decoding=\"async\" class=\"alignnone wp-image-10388 size-medium\" src=\"https:\/\/isports.ch\/magazin\/wp-content\/uploads\/2026\/04\/10100_03-187x300.jpg\" alt width=\"187\" height=\"300\">&nbsp; &nbsp; &nbsp; &nbsp; &nbsp;<img loading=\"lazy\" decoding=\"async\" class=\"alignnone wp-image-10389\" src=\"https:\/\/isports.ch\/magazin\/wp-content\/uploads\/2026\/04\/14TUSFU316-01.jpg\" alt width=\"528\" height=\"187\"><\/p>\n<ul>\n<li data-section-id=\"encxey\" data-start=\"2891\" data-end=\"2933\"><strong data-start=\"2893\" data-end=\"2931\">Mani\u00advel\u00adles r\u00e9g\u00adl\u00adables (Vario\u00adkur\u00adbel):<\/strong> gr\u00e2ce \u00e0 des bras de mani\u00advelle ajus\u00adta\u00adbles, appel\u00e9s <a href=\"https:\/\/isports.ch\/fr\/systemreha-Manivelle-variable\/10100\" target=\"_blank\" rel=\"noopener noreferrer nofollow\">mani\u00advel\u00adles varia\u00adbles<\/a> ou mani\u00advel\u00adles de r\u00e9\u00e9\u00addu\u00adca\u00adtion, il est pos\u00adsi\u00adble de modi\u00adfier la distance par rapport \u00e0 l\u2019axe. Cela permet d\u2019adapter l\u2019angle entre la cuisse et la jambe inf\u00e9\u00adri\u00adeure. Cette fon\u00adc\u00adtion\u00adna\u00adlit\u00e9 est par\u00adti\u00adcu\u00adli\u00e8\u00adre\u00adment utile apr\u00e8s une op\u00e9\u00adra\u00adtion ou en cas de limi\u00adta\u00adti\u00adons phy\u00adsi\u00adques. Elle est dis\u00adpo\u00adnible sur les v\u00e9los d\u2019appartement et ergom\u00e8\u00adtres des marques Tunturi, adidas et Reebok.<\/li>\n<li data-section-id=\"18h4hzr\" data-start=\"2934\" data-end=\"2986\"><strong data-start=\"2936\" data-end=\"2962\">P\u00e9dales de r\u00e9\u00e9\u00addu\u00adca\u00adtion; <\/strong>Ces p\u00e9dales sont \u00e9qui\u00adp\u00e9es de sangles sup\u00adp\u00adl\u00e9\u00admen\u00adtai\u00adres int\u00e9\u00adg\u00adr\u00e9es qui assu\u00adrent un bon main\u00adtien du talon. Les <a href=\"https:\/\/isports.ch\/fr\/Tunturi-Reha-Pedales-pour-velos-d-appartement\/14TUSFU316\" target=\"_blank\" rel=\"noopener noreferrer nofollow\">p\u00e9dales de r\u00e9\u00e9\u00addu\u00adca\u00adtion<\/a> Tunturi offrent ainsi une pro\u00adtec\u00adtion maxi\u00admale contre tout risque de glis\u00adse\u00adment.<\/li>\n<\/ul>\n<h2>Nos recommandations: les 3 meilleures v\u00e9los d\u2019appartement pou senior<\/h2>\n<h3>P\u00e9dalier pour d\u00e9butants<\/h3>\n<p data-start=\"79\" data-end=\"404\">Le <a href=\"https:\/\/isports.ch\/fr\/Tunturi-Platinum-E30-velo-ergometre\/22PTUB3000\" target=\"_blank\" rel=\"noopener noreferrer nofollow\"><strong data-start=\"82\" data-end=\"119\">Tunturi Pla\u00adti\u00adnum E30 Upright Bike<\/strong><\/a> est un p\u00e9da\u00adlier de type ver\u00adti\u00adcal, id\u00e9al pour le sport des seniors. Les p\u00e9dales anti\u00add\u00e9\u00adra\u00adpan\u00adtes sont posi\u00adti\u00adonn\u00e9es pr\u00e8s du centre du corps, ce qui r\u00e9duit la pres\u00adsion sur les arti\u00adcu\u00adla\u00adti\u00adons des genoux. La selle confort r\u00e9g\u00adlable et l\u2019acc\u00e8s bas garan\u00adtis\u00adsent une posi\u00adtion d\u2019entra\u00eenement s\u00fbre.<\/p>\n<p data-start=\"406\" data-end=\"755\">Avec ses 48 niveaux de r\u00e9sis\u00adtance et une puis\u00adsance allant jusqu\u2019\u00e0 400 watts, il offre une grande fle\u00adxi\u00adbi\u00adlit\u00e9. L\u2019\u00e9cran LCD r\u00e9tro\u00e9\u00adclair\u00e9 de 7 pouces est facile \u00e0 lire, et les appli\u00adca\u00adti\u00adons Zwift et Kinomap sont com\u00adpa\u00adti\u00adbles. Un support pour tablette, un porte-bou\u00adteille et des rou\u00adlettes de trans\u00adport sont inclus. Poids maximal de l\u2019utilisateur : 180 kg.<\/p>\n<p><a href=\"https:\/\/isports.ch\/Tunturi-Platinum-E30-Upright-Bike\/22PTUB3000\" target=\"_blank\" rel=\"noopener noreferrer nofollow\"><img loading=\"lazy\" decoding=\"async\" class=\"aligncenter wp-image-8160 size-full\" title=\"Maximieren Sie ihr Cardiotraining mit dem Tunturi Platinum UB30 Velo-Ergometer. \" src=\"https:\/\/isports.ch\/magazin\/wp-content\/uploads\/2026\/04\/tunturi-platinum-UB30-velo-ergometer.jpg\" alt=\"Tunturi Platinum UB30 Velo-Ergometer\" width=\"800\" height=\"800\" srcset=\"https:\/\/isports.ch\/magazin\/wp-content\/uploads\/2026\/04\/tunturi-platinum-UB30-velo-ergometer.jpg 800w, https:\/\/isports.ch\/magazin\/wp-content\/uploads\/2026\/04\/tunturi-platinum-UB30-velo-ergometer-480x480.jpg 480w\" sizes=\"(min-width: 0px) and (max-width: 480px) 480px, (min-width: 481px) 800px, 100vw\"><\/a><\/p>\n<h3><\/h3>\n<h3><\/h3>\n<h3><\/h3>\n<h3>Ergom\u00e8tre alliant confort et pr\u00e9cision<\/h3>\n<p data-start=\"79\" data-end=\"365\">En tant que v\u00e9lo d\u2019appartement pour seniors, le <a href=\"https:\/\/isports.ch\/fr\/Tunturi-E40-Signature-velo-ergometre-NOUVEAU\/23TBE40000\" target=\"_blank\" rel=\"noopener noreferrer nofollow\"><strong data-start=\"127\" data-end=\"158\">Tunturi Signa\u00adture Ergo\u00adme\u00adter<\/strong><\/a> s\u00e9duit par son guidon multi-posi\u00adti\u00adons avec cap\u00adteurs de fr\u00e9\u00adquence car\u00addiaque int\u00e9\u00adg\u00adr\u00e9s, offrant dif\u00adf\u00e9\u00adren\u00adtes prises en main \u2014 ce qui soulage sen\u00adsi\u00adblem\u00adent les \u00e9paules et les poi\u00adg\u00adnets lors des s\u00e9ances pro\u00adlon\u00adg\u00e9es.<\/p>\n<p data-start=\"367\" data-end=\"801\">L\u2019acc\u00e8s bas et les p\u00e9dales Comfort Balance avec poids faci\u00adli\u00adtant la mont\u00e9e rendent l\u2019appareil par\u00adfai\u00adte\u00adment adapt\u00e9 au quo\u00adti\u00addien, m\u00eame en cas de mobi\u00adlit\u00e9 r\u00e9duite. Avec 32 niveaux de r\u00e9sis\u00adtance, une puis\u00adsance allant jusqu\u2019\u00e0 440 watts, 26 pro\u00adgram\u00admes d\u2019entra\u00eenement ainsi que la com\u00adpa\u00adti\u00adbi\u00adlit\u00e9 avec les appli\u00adca\u00adti\u00adons Zwift, Kinomap et Tunturi Routes, il garan\u00adtit une grande vari\u00e9t\u00e9 sur le long terme. Poids maximal de l\u2019utilisateur : 150 kg.<\/p>\n<p><a href=\"https:\/\/isports.ch\/Tunturi-E40-Signature-Ergometer-NEU\/23TBE40000\" target=\"_blank\" rel=\"noopener noreferrer nofollow\"><img loading=\"lazy\" decoding=\"async\" class=\"wp-image-8621 aligncenter\" src=\"https:\/\/isports.ch\/magazin\/wp-content\/uploads\/2026\/04\/Tunturi-E40-Signature-Ergometer-e1777038315125.jpg\" alt=\"Tunturi E40 Signature Ergometer\" width=\"773\" height=\"739\"><\/a><\/p>\n<h3><\/h3>\n<h3><\/h3>\n<h3>Ergom\u00e8tre couch\u00e9 \u2013 doux pour le dos et les articulations<\/h3>\n<p data-start=\"152\" data-end=\"567\">Pour les per\u00adson\u00adnes \u00e2g\u00e9es souf\u00adfrant de pro\u00adbl\u00e8\u00admes de dos ou de mobi\u00adlit\u00e9 r\u00e9duite, <a href=\"https:\/\/isports.ch\/fr\/Tunturi-E60R-Signature-velo-semi-allonge-NOUVEAU\/23TBR60000\" target=\"_blank\" rel=\"noopener noreferrer nofollow\">l\u2019ergom\u00e8tre couch\u00e9 de Tunturi <\/a>con\u00adsti\u00adtue la solu\u00adtion la plus adapt\u00e9e. La large assise g\u00e9n\u00e9\u00adreu\u00adse\u00adment rem\u00adbour\u00adr\u00e9e avec dossier en mesh respi\u00adrant, l\u2019acc\u00e8s bas et spa\u00adcieux ainsi que la posi\u00adtion ergo\u00adno\u00admi\u00adque l\u00e9g\u00e8\u00adre\u00adment incli\u00adn\u00e9e sou\u00adlagent enti\u00e8\u00adre\u00adment le dos et les genoux \u2014 tout en per\u00admet\u00adtant un ent\u00adra\u00ee\u00adne\u00adment effi\u00adcace des muscles des jambes.<\/p>\n<p data-start=\"569\" data-end=\"885\">La mesure en watts permet un con\u00adtr\u00f4le pr\u00e9cis de l\u2019intensit\u00e9, id\u00e9al sur recom\u00adman\u00adda\u00adtion m\u00e9di\u00adcale ou dans le cadre d\u2019une r\u00e9\u00e9\u00addu\u00adca\u00adtion. Les appli\u00adca\u00adti\u00adons Zwift et Tunturi Routes sont com\u00adpa\u00adti\u00adbles, et les poi\u00adg\u00adn\u00e9es avec cap\u00adteurs de fr\u00e9\u00adquence car\u00addiaque offrent une sta\u00adbi\u00adlit\u00e9 sup\u00adp\u00adl\u00e9\u00admen\u00adtaire lors de la mont\u00e9e et de la des\u00adcente.<\/p>\n<p><a href=\"https:\/\/isports.ch\/Tunturi-E60R-Signature-Liegeergometer-NEU\/23TBR60000\" target=\"_blank\" rel=\"noopener noreferrer nofollow\"><img loading=\"lazy\" decoding=\"async\" class=\"aligncenter wp-image-8623 size-full\" src=\"https:\/\/isports.ch\/magazin\/wp-content\/uploads\/2026\/04\/Tunturi-E60R-Signature-Liegeergometer.jpg\" alt=\"Tunturi E60R Signature Liegeergometer\" width=\"800\" height=\"800\" srcset=\"https:\/\/isports.ch\/magazin\/wp-content\/uploads\/2026\/04\/Tunturi-E60R-Signature-Liegeergometer.jpg 800w, https:\/\/isports.ch\/magazin\/wp-content\/uploads\/2026\/04\/Tunturi-E60R-Signature-Liegeergometer-480x480.jpg 480w\" sizes=\"(min-width: 0px) and (max-width: 480px) 480px, (min-width: 481px) 800px, 100vw\"><\/a><\/p>\n<p data-start=\"79\" data-end=\"290\">Si vous sou\u00adhai\u00adtez \u00e9ga\u00adle\u00adment sol\u00adli\u00adci\u00adter les bras pendant l\u2019entra\u00eenement, optez pour un ergom\u00e8tre pour tout le corps \u2014 un appa\u00adreil com\u00adbi\u00adnant bras et jambes, o\u00f9 le haut et le bas du corps tra\u00advail\u00adlent simul\u00adta\u00adn\u00e9\u00adment.<\/p>\n<p data-start=\"292\" data-end=\"715\">Vous sou\u00adhai\u00adtez obtenir des con\u00adseils avant d\u2019acheter un p\u00e9da\u00adlier ou tester les appareils en con\u00addi\u00adti\u00adons r\u00e9elles ? Rendez-nous visite au show\u00adroom isports \u00e0 Lupfig, \u00e0 pro\u00adxi\u00admit\u00e9 de Zurich, B\u00e2le, Lucerne et Zoug. De nombreux pro\u00adduits de la marque Tunturi y sont expos\u00e9s et peuvent \u00eatre test\u00e9s. Notre \u00e9quipe sp\u00e9\u00adcia\u00adli\u00ads\u00e9e prendra le temps de vous pr\u00e9\u00adsen\u00adter et de vous expli\u00adquer per\u00adson\u00adnel\u00adle\u00adment les v\u00e9los d\u2019appartement et ergom\u00e8\u00adtres.<\/p>\n<h2>S\u2019entra\u00eener sur un v\u00e9lo d\u2019appartement \u2013 facilement et en toute s\u00e9curit\u00e9<\/h2>\n<p data-start=\"153\" data-end=\"608\">Si vous repre\u00adnez l\u2019entra\u00eenement apr\u00e8s une longue pause ou si vous com\u00admen\u00adcez pour la pre\u00admi\u00e8re fois de mani\u00e8re struc\u00adtu\u00adr\u00e9e, il est important d\u2019y aller pro\u00adgres\u00adsi\u00adve\u00adment. Dix \u00e0 quinze minutes par jour con\u00adsti\u00adtu\u00adent un d\u00e9but r\u00e9a\u00adliste et sont souvent plus effi\u00adcaces que des s\u00e9ances longues mais occa\u00adsi\u00adon\u00adnel\u00adles. R\u00e9glez la r\u00e9sis\u00adtance de mani\u00e8re \u00e0 pouvoir encore parler faci\u00adle\u00adment pendant l\u2019effort : c\u2019est la r\u00e8gle la plus simple pour d\u00e9ter\u00admi\u00adner une inten\u00adsit\u00e9 adapt\u00e9e.<\/p>\n<p data-start=\"610\" data-end=\"942\">Trois s\u00e9ances de trente minutes par semaine sur un p\u00e9da\u00adlier sont plus b\u00e9n\u00e9\u00adfi\u00adques qu\u2019une seule s\u00e9ance d\u2019une heure \u2014 la r\u00e9gu\u00adla\u00adrit\u00e9 prime sur l\u2019intensit\u00e9. Com\u00admen\u00adcez par cinq minutes de p\u00e9da\u00adlage l\u00e9ger avant d\u2019augmenter l\u2019effort : les muscles et les arti\u00adcu\u00adla\u00adti\u00adons ont besoin de cette phase d\u2019\u00e9chauffement, m\u00eame sur un v\u00e9lo d\u2019appartement.<\/p>\n<h2>Bonne s\u00e9ance ! Les accessoires adapt\u00e9s pour p\u00e9daliers et ergom\u00e8tres<\/h2>\n<p style=\"text-align: justify;\">Un <a href=\"https:\/\/isports.ch\/fr\/Endurance\/Accessoires-endurance\/Tapis-de-protection-pour-l-endurance\/\" target=\"_blank\" rel=\"noopener noreferrer nofollow\">tapis de pro\u00adtec\u00adtion anti\u00add\u00e9\u00adra\u00adpant<\/a> plac\u00e9 sous le v\u00e9lo d\u2019appartement prot\u00e8ge le rev\u00eate\u00adment de sol, absorbe les vibra\u00adti\u00adons et emp\u00eache l\u2019appareil de glisser pendant l\u2019entra\u00eenement \u2014 un v\u00e9ri\u00adta\u00adble atout de s\u00e9cu\u00adrit\u00e9, notam\u00adment lors de la mont\u00e9e et de la des\u00adcente.<\/p>\n<p><a href=\"https:\/\/isports.ch\/Tunturi-Schutzmatte-Small-100-x-70-cm\/14TUSFU114\" target=\"_blank\" rel=\"noopener noreferrer nofollow\"><img loading=\"lazy\" decoding=\"async\" class=\"aligncenter wp-image-8153 size-full\" title=\"Stellen Sie den Heimtrainer stets auf eine Bodenschutzmatte. Diese d\u00e4mpft die Ger\u00e4usche und sch\u00fctzt gleichzeitig Ihren Bodenbelag.\" src=\"https:\/\/isports.ch\/magazin\/wp-content\/uploads\/2026\/04\/heimtrainer-mit-bodenschutzmatte.jpg\" alt=\"Heimtrainer steht auf Bodenschutzmatte\" width=\"1248\" height=\"832\" srcset=\"https:\/\/isports.ch\/magazin\/wp-content\/uploads\/2026\/04\/heimtrainer-mit-bodenschutzmatte.jpg 1248w, https:\/\/isports.ch\/magazin\/wp-content\/uploads\/2026\/04\/heimtrainer-mit-bodenschutzmatte-980x653.jpg 980w, https:\/\/isports.ch\/magazin\/wp-content\/uploads\/2026\/04\/heimtrainer-mit-bodenschutzmatte-480x320.jpg 480w\" sizes=\"(min-width: 0px) and (max-width: 480px) 480px, (min-width: 481px) and (max-width: 980px) 980px, (min-width: 981px) 1248px, 100vw\"><\/a><\/p>\n<p data-start=\"86\" data-end=\"646\">Si vous sou\u00adhai\u00adtez struc\u00adtu\u00adrer votre ent\u00adra\u00ee\u00adne\u00adment en fon\u00adc\u00adtion des zones de fr\u00e9\u00adquence car\u00addiaque ou suivre des recom\u00adman\u00adda\u00adti\u00adons m\u00e9di\u00adcales, un car\u00addio\u00adfr\u00e9\u00adquence\u00adm\u00e8tre tho\u00adra\u00adci\u00adque est un excel\u00adlent choix : il fournit des donn\u00e9es plus pr\u00e9\u00adci\u00adses que les cap\u00adteurs int\u00e9\u00adg\u00adr\u00e9s aux poi\u00adg\u00adn\u00e9es du guidon. Pour les per\u00adson\u00adnes s\u2019entra\u00eenant apr\u00e8s une op\u00e9\u00adra\u00adtion ou avec une mobi\u00adlit\u00e9 r\u00e9duite du pied, il est \u00e9ga\u00adle\u00adment recom\u00admand\u00e9 d\u2019envisager des p\u00e9dales de r\u00e9\u00e9\u00addu\u00adca\u00adtion sp\u00e9\u00adci\u00adfi\u00adques. Elles per\u00admet\u00adtent un main\u00adtien s\u00fbr et guid\u00e9 du pied, m\u00eame lorsque la force n\u2019est pas encore tota\u00adle\u00adment revenue.<\/p>\n<p data-start=\"648\" data-end=\"867\">Par\u00adcou\u00adrez notre s\u00e9lec\u00adtion d\u2019accessoires pour l\u2019entra\u00eenement d\u2019endurance et d\u00e9cou\u00advrez, dans la bou\u00adtique en ligne isports, des \u00e9qui\u00adpe\u00adments pour votre cardio \u2014 du car\u00addio\u00adfr\u00e9\u00adquence\u00adm\u00e8tre tho\u00adra\u00adci\u00adque aux p\u00e9dales de r\u00e9\u00e9\u00addu\u00adca\u00adtion.<\/p>\n<h2>Rester actif en vieillissant avec endurance et force<\/h2>\n<p data-start=\"935\" data-end=\"1397\">L\u2019entra\u00eenement d\u2019endurance r\u00e9gu\u00adlier sur un v\u00e9lo d\u2019appartement est un \u00e9l\u00e9ment essentiel et pr\u00e9\u00adcieux d\u2019une routine spor\u00adtive \u00e9qui\u00adli\u00adbr\u00e9e pour les seniors. Il devient encore plus effi\u00adcace lorsqu\u2019il est combin\u00e9 avec des exer\u00adci\u00adces de ren\u00adforce\u00adment mus\u00adcu\u00adlaire et de mobi\u00adlit\u00e9. La masse mus\u00adcu\u00adlaire diminue plus rapi\u00adde\u00adment avec l\u2019\u00e2ge que chez les per\u00adson\u00adnes plus jeunes, mais un ent\u00adra\u00ee\u00adne\u00adment l\u00e9ger avec des <a href=\"https:\/\/isports.ch\/fr\/Puissance\/Halteres-courts\/\" target=\"_blank\" rel=\"noopener noreferrer nofollow\">hal\u00adt\u00e8res courts<\/a>, par exemple, peut d\u00e9j\u00e0 con\u00adtri\u00adbuer \u00e0 ralen\u00adtir ce pro\u00adces\u00adsus.<\/p>\n<p data-start=\"1399\" data-end=\"1833\">Le travail de mobi\u00adlit\u00e9 est tout aussi important : des exer\u00adci\u00adces cibl\u00e9s pour le dos, l\u2019\u00e9quilibre et la sta\u00adbi\u00adlit\u00e9, r\u00e9a\u00adli\u00ads\u00e9s sur un <a href=\"https:\/\/isports.ch\/fr\/Yoga-massage\/Tapis-d-entrainement\/Tapis-de-fitness-NBR\/\" target=\"_blank\" rel=\"noopener noreferrer nofollow\">tapis de fitness<\/a> avec des acces\u00adsoires comme des <a href=\"https:\/\/isports.ch\/fr\/Fonctionnel\/Equilibre-et-stabilite\/Bandes-de-resistance\/\" target=\"_blank\" rel=\"noopener noreferrer nofollow\">bandes r\u00e9sis\u00adtance<\/a>, sont \u00e0 la fois doux pour les arti\u00adcu\u00adla\u00adti\u00adons et ren\u00adfor\u00adcent les petits muscles sta\u00adbi\u00adli\u00adsa\u00adteurs autour des che\u00advil\u00adles, des genoux et des hanches \u2014 pr\u00e9\u00adcis\u00ad\u00e9\u00adment ceux qui aident \u00e0 pr\u00e9\u00adve\u00adnir les chutes au quo\u00adti\u00addien et \u00e0 main\u00adte\u00adnir une posture droite.<\/p>\n<p data-start=\"1835\" data-end=\"2091\">Une courte s\u00e9ance de ren\u00adforce\u00adment mus\u00adcu\u00adlaire ou de mobi\u00adlit\u00e9 dans votre <a href=\"https:\/\/isports.ch\/magazin\/fr\/amenager-une-salle-de-sport-a-domicile-les-meilleurs-conseils-pour-sentrainer-chez-soi\/\" target=\"_blank\" rel=\"noopener\">salle de sport<\/a> peut faci\u00adle\u00adment \u00eatre ajout\u00e9e \u00e0 vos jour\u00adn\u00e9es d\u2019entra\u00eenement sur le p\u00e9da\u00adlier ou r\u00e9a\u00adli\u00ads\u00e9e comme une s\u00e9ance ind\u00e9\u00adpen\u00addante entre deux ent\u00adra\u00ee\u00adne\u00adments. Restez en forme en vieil\u00adlis\u00adsant !<\/p>\n<p>&nbsp;<\/p>\n","protected":false},"excerpt":{"rendered":"<p>Les per\u00adson\u00adnes qui p\u00e9da\u00adlent r\u00e9gu\u00adli\u00e8\u00adre\u00adment en vieil\u00adlis\u00adsant pro\u00adt\u00e8gent leur c\u0153ur, ren\u00adfor\u00adcent les muscles des jambes et main\u00adti\u00aden\u00adnent la sou\u00adplesse des arti\u00adcu\u00adla\u00adti\u00adons. Un v\u00e9lo d\u2019appartement pour seniors est un appa\u00adreil id\u00e9al pour l\u2019entra\u00eenement d\u2019endurance : il m\u00e9nage les arti\u00adcu\u00adla\u00adti\u00adons, peut \u00eatre r\u00e9gl\u00e9 indi\u00advi\u00addu\u00adel\u00adle\u00adment et con\u00advi\u00adent aussi bien par mauvais temps qu\u2019en cas de mobi\u00adlit\u00e9 r\u00e9duite. Dans [\u2026]<\/p>\n","protected":false},"author":10,"featured_media":10437,"comment_status":"closed","ping_status":"closed","sticky":false,"template":"","format":"standard","meta":{"wp_typography_post_enhancements_disabled":false,"footnotes":""},"categories":[196],"tags":[413,238,414,417,418,415,419,416],"class_list":["post-10438","post","type-post","status-publish","format-standard","has-post-thumbnail","hentry","category-endurance-fr","tag-entrainement-dendurance-chez-les-personnes-agees","tag-ergometre","tag-ergometre-2","tag-guide-dachat-velos-dappartement-pour-seniors","tag-pedalier-dentrainement-pour-seniors","tag-rester-en-forme-a-tout-age","tag-velo-ergometre","tag-velos-dappartement-pour-les-seniors"],"yoast_head":"<!-- This site is optimized with the Yoast SEO plugin v27.4 - https:\/\/yoast.com\/product\/yoast-seo-wordpress\/ -->\n<title>V\u00e9los d&#039;appartement pour les seniors : Rester en forme \u00e0 tout \u00e2ge | isports Magazine<\/title>\n<meta name=\"description\" content=\"V\u00e9los d&#039;appartement pour les seniors : Quel est l&#039;appareil \u00e0 v\u00e9lo optimal pour les personnes \u00e2g\u00e9es ? Guide d&#039;achat et conseils pour commencer \u00e0 s&#039;entra\u00eener | isports Home of Fitness\" \/>\n<meta name=\"robots\" content=\"index, follow, max-snippet:-1, max-image-preview:large, max-video-preview:-1\" \/>\n<link rel=\"canonical\" href=\"https:\/\/isports.ch\/magazin\/fr\/velos-dappartement-pour-les-seniors-sentrainer-en-toute-securite-et-en-menageant-ses-articulations-a-un-age-avance\/\" \/>\n<meta property=\"og:locale\" content=\"fr_FR\" \/>\n<meta property=\"og:type\" content=\"article\" \/>\n<meta property=\"og:title\" content=\"V\u00e9los d&#039;appartement pour les seniors : Rester en forme \u00e0 tout \u00e2ge | isports Magazine\" \/>\n<meta property=\"og:description\" content=\"V\u00e9los d&#039;appartement pour les seniors : Quel est l&#039;appareil \u00e0 v\u00e9lo optimal pour les personnes \u00e2g\u00e9es ? Guide d&#039;achat et conseils pour commencer \u00e0 s&#039;entra\u00eener | isports Home of Fitness\" \/>\n<meta property=\"og:url\" content=\"https:\/\/isports.ch\/magazin\/fr\/velos-dappartement-pour-les-seniors-sentrainer-en-toute-securite-et-en-menageant-ses-articulations-a-un-age-avance\/\" \/>\n<meta property=\"og:site_name\" content=\"isports Magazin\" \/>\n<meta property=\"article:publisher\" content=\"https:\/\/www.facebook.com\/isports.ch\/\" \/>\n<meta property=\"article:published_time\" content=\"2026-04-23T09:38:33+00:00\" \/>\n<meta property=\"article:modified_time\" content=\"2026-04-24T14:55:05+00:00\" \/>\n<meta property=\"og:image\" content=\"https:\/\/isports.ch\/magazin\/wp-content\/uploads\/2026\/04\/heimtrainer-fuer-senioren-mit-tiefem-einstieg-und-rutschfeste-pedale.jpg\" \/>\n\t<meta property=\"og:image:width\" content=\"1248\" \/>\n\t<meta property=\"og:image:height\" content=\"832\" \/>\n\t<meta property=\"og:image:type\" content=\"image\/jpeg\" \/>\n<meta name=\"author\" content=\"Emmanuel Zouboulis\" \/>\n<meta name=\"twitter:card\" content=\"summary_large_image\" \/>\n<meta name=\"twitter:label1\" content=\"\u00c9crit par\" \/>\n\t<meta name=\"twitter:data1\" content=\"Emmanuel Zouboulis\" \/>\n\t<meta name=\"twitter:label2\" content=\"Dur\u00e9e de lecture estim\u00e9e\" \/>\n\t<meta name=\"twitter:data2\" content=\"11 minutes\" \/>\n<script type=\"application\/ld+json\" class=\"yoast-schema-graph\">{\"@context\":\"https:\\\/\\\/schema.org\",\"@graph\":[{\"@type\":\"Article\",\"@id\":\"https:\\\/\\\/isports.ch\\\/magazin\\\/fr\\\/velos-dappartement-pour-les-seniors-sentrainer-en-toute-securite-et-en-menageant-ses-articulations-a-un-age-avance\\\/#article\",\"isPartOf\":{\"@id\":\"https:\\\/\\\/isports.ch\\\/magazin\\\/fr\\\/velos-dappartement-pour-les-seniors-sentrainer-en-toute-securite-et-en-menageant-ses-articulations-a-un-age-avance\\\/\"},\"author\":{\"name\":\"Emmanuel Zouboulis\",\"@id\":\"https:\\\/\\\/isports.ch\\\/magazin\\\/#\\\/schema\\\/person\\\/0318e7b2d84639a8a2b5f77a3266f449\"},\"headline\":\"V\u00e9los d\u2019appartement pour les seniors : s\u2019entra\u00eener en toute s\u00e9curit\u00e9 et en m\u00e9nageant ses articulations \u00e0 un \u00e2ge avanc\u00e9\",\"datePublished\":\"2026-04-23T09:38:33+00:00\",\"dateModified\":\"2026-04-24T14:55:05+00:00\",\"mainEntityOfPage\":{\"@id\":\"https:\\\/\\\/isports.ch\\\/magazin\\\/fr\\\/velos-dappartement-pour-les-seniors-sentrainer-en-toute-securite-et-en-menageant-ses-articulations-a-un-age-avance\\\/\"},\"wordCount\":1716,\"publisher\":{\"@id\":\"https:\\\/\\\/isports.ch\\\/magazin\\\/#organization\"},\"image\":{\"@id\":\"https:\\\/\\\/isports.ch\\\/magazin\\\/fr\\\/velos-dappartement-pour-les-seniors-sentrainer-en-toute-securite-et-en-menageant-ses-articulations-a-un-age-avance\\\/#primaryimage\"},\"thumbnailUrl\":\"https:\\\/\\\/isports.ch\\\/magazin\\\/wp-content\\\/uploads\\\/2026\\\/04\\\/heimtrainer-fuer-senioren-mit-tiefem-einstieg-und-rutschfeste-pedale.jpg\",\"keywords\":[\"Entra\u00eenement d'endurance chez les personnes \u00e2g\u00e9es\",\"ergom\u00e8tre\",\"Ergom\u00e8tre\",\"Guide d'achat V\u00e9los d'appartement pour seniors\",\"P\u00e9dalier d'entra\u00eenement pour seniors\",\"Rester en forme \u00e0 tout \u00e2ge\",\"V\u00e9lo ergom\u00e8tre\",\"V\u00e9los d'appartement pour les seniors\"],\"articleSection\":[\"Endurance\"],\"inLanguage\":\"fr-FR\"},{\"@type\":\"WebPage\",\"@id\":\"https:\\\/\\\/isports.ch\\\/magazin\\\/fr\\\/velos-dappartement-pour-les-seniors-sentrainer-en-toute-securite-et-en-menageant-ses-articulations-a-un-age-avance\\\/\",\"url\":\"https:\\\/\\\/isports.ch\\\/magazin\\\/fr\\\/velos-dappartement-pour-les-seniors-sentrainer-en-toute-securite-et-en-menageant-ses-articulations-a-un-age-avance\\\/\",\"name\":\"V\u00e9los d'appartement pour les seniors : Rester en forme \u00e0 tout \u00e2ge | isports Magazine\",\"isPartOf\":{\"@id\":\"https:\\\/\\\/isports.ch\\\/magazin\\\/#website\"},\"primaryImageOfPage\":{\"@id\":\"https:\\\/\\\/isports.ch\\\/magazin\\\/fr\\\/velos-dappartement-pour-les-seniors-sentrainer-en-toute-securite-et-en-menageant-ses-articulations-a-un-age-avance\\\/#primaryimage\"},\"image\":{\"@id\":\"https:\\\/\\\/isports.ch\\\/magazin\\\/fr\\\/velos-dappartement-pour-les-seniors-sentrainer-en-toute-securite-et-en-menageant-ses-articulations-a-un-age-avance\\\/#primaryimage\"},\"thumbnailUrl\":\"https:\\\/\\\/isports.ch\\\/magazin\\\/wp-content\\\/uploads\\\/2026\\\/04\\\/heimtrainer-fuer-senioren-mit-tiefem-einstieg-und-rutschfeste-pedale.jpg\",\"datePublished\":\"2026-04-23T09:38:33+00:00\",\"dateModified\":\"2026-04-24T14:55:05+00:00\",\"description\":\"V\u00e9los d'appartement pour les seniors : Quel est l'appareil \u00e0 v\u00e9lo optimal pour les personnes \u00e2g\u00e9es ? Guide d'achat et conseils pour commencer \u00e0 s'entra\u00eener | isports Home of Fitness\",\"breadcrumb\":{\"@id\":\"https:\\\/\\\/isports.ch\\\/magazin\\\/fr\\\/velos-dappartement-pour-les-seniors-sentrainer-en-toute-securite-et-en-menageant-ses-articulations-a-un-age-avance\\\/#breadcrumb\"},\"inLanguage\":\"fr-FR\",\"potentialAction\":[{\"@type\":\"ReadAction\",\"target\":[\"https:\\\/\\\/isports.ch\\\/magazin\\\/fr\\\/velos-dappartement-pour-les-seniors-sentrainer-en-toute-securite-et-en-menageant-ses-articulations-a-un-age-avance\\\/\"]}]},{\"@type\":\"ImageObject\",\"inLanguage\":\"fr-FR\",\"@id\":\"https:\\\/\\\/isports.ch\\\/magazin\\\/fr\\\/velos-dappartement-pour-les-seniors-sentrainer-en-toute-securite-et-en-menageant-ses-articulations-a-un-age-avance\\\/#primaryimage\",\"url\":\"https:\\\/\\\/isports.ch\\\/magazin\\\/wp-content\\\/uploads\\\/2026\\\/04\\\/heimtrainer-fuer-senioren-mit-tiefem-einstieg-und-rutschfeste-pedale.jpg\",\"contentUrl\":\"https:\\\/\\\/isports.ch\\\/magazin\\\/wp-content\\\/uploads\\\/2026\\\/04\\\/heimtrainer-fuer-senioren-mit-tiefem-einstieg-und-rutschfeste-pedale.jpg\",\"width\":1248,\"height\":832,\"caption\":\"V\u00e9lo d'appartement pour seniors avec acc\u00e8s bas et p\u00e9dales antid\u00e9rapantes\"},{\"@type\":\"BreadcrumbList\",\"@id\":\"https:\\\/\\\/isports.ch\\\/magazin\\\/fr\\\/velos-dappartement-pour-les-seniors-sentrainer-en-toute-securite-et-en-menageant-ses-articulations-a-un-age-avance\\\/#breadcrumb\",\"itemListElement\":[{\"@type\":\"ListItem\",\"position\":1,\"name\":\"Startseite\",\"item\":\"https:\\\/\\\/isports.ch\\\/magazin\\\/fr\\\/\"},{\"@type\":\"ListItem\",\"position\":2,\"name\":\"V\u00e9los d&#8217;appartement pour les seniors : s&#8217;entra\u00eener en toute s\u00e9curit\u00e9 et en m\u00e9nageant ses articulations \u00e0 un \u00e2ge avanc\u00e9\"}]},{\"@type\":\"WebSite\",\"@id\":\"https:\\\/\\\/isports.ch\\\/magazin\\\/#website\",\"url\":\"https:\\\/\\\/isports.ch\\\/magazin\\\/\",\"name\":\"isports Magazin\",\"description\":\"\",\"publisher\":{\"@id\":\"https:\\\/\\\/isports.ch\\\/magazin\\\/#organization\"},\"potentialAction\":[{\"@type\":\"SearchAction\",\"target\":{\"@type\":\"EntryPoint\",\"urlTemplate\":\"https:\\\/\\\/isports.ch\\\/magazin\\\/?s={search_term_string}\"},\"query-input\":{\"@type\":\"PropertyValueSpecification\",\"valueRequired\":true,\"valueName\":\"search_term_string\"}}],\"inLanguage\":\"fr-FR\"},{\"@type\":\"Organization\",\"@id\":\"https:\\\/\\\/isports.ch\\\/magazin\\\/#organization\",\"name\":\"isports\",\"url\":\"https:\\\/\\\/isports.ch\\\/magazin\\\/\",\"logo\":{\"@type\":\"ImageObject\",\"inLanguage\":\"fr-FR\",\"@id\":\"https:\\\/\\\/isports.ch\\\/magazin\\\/#\\\/schema\\\/logo\\\/image\\\/\",\"url\":\"https:\\\/\\\/isports.ch\\\/magazin\\\/wp-content\\\/uploads\\\/2026\\\/04\\\/isports_logo-1.png\",\"contentUrl\":\"https:\\\/\\\/isports.ch\\\/magazin\\\/wp-content\\\/uploads\\\/2026\\\/04\\\/isports_logo-1.png\",\"width\":1262,\"height\":539,\"caption\":\"isports\"},\"image\":{\"@id\":\"https:\\\/\\\/isports.ch\\\/magazin\\\/#\\\/schema\\\/logo\\\/image\\\/\"},\"sameAs\":[\"https:\\\/\\\/www.facebook.com\\\/isports.ch\\\/\",\"https:\\\/\\\/www.linkedin.com\\\/company\\\/isports-ag\\\/\",\"https:\\\/\\\/www.youtube.com\\\/channel\\\/UCNACX9fPh2lYQ94ikJ0VOGg\\\/videos\",\"https:\\\/\\\/www.instagram.com\\\/isports.ch\\\/\"]},{\"@type\":\"Person\",\"@id\":\"https:\\\/\\\/isports.ch\\\/magazin\\\/#\\\/schema\\\/person\\\/0318e7b2d84639a8a2b5f77a3266f449\",\"name\":\"Emmanuel Zouboulis\",\"image\":{\"@type\":\"ImageObject\",\"inLanguage\":\"fr-FR\",\"@id\":\"https:\\\/\\\/secure.gravatar.com\\\/avatar\\\/a3449097ee9ad77b44f6829fd27ae4c26aee898e18298af72c8ad7de714c38ec?s=96&d=mm&r=g\",\"url\":\"https:\\\/\\\/secure.gravatar.com\\\/avatar\\\/a3449097ee9ad77b44f6829fd27ae4c26aee898e18298af72c8ad7de714c38ec?s=96&d=mm&r=g\",\"contentUrl\":\"https:\\\/\\\/secure.gravatar.com\\\/avatar\\\/a3449097ee9ad77b44f6829fd27ae4c26aee898e18298af72c8ad7de714c38ec?s=96&d=mm&r=g\",\"caption\":\"Emmanuel Zouboulis\"},\"url\":\"https:\\\/\\\/isports.ch\\\/magazin\\\/fr\\\/author\\\/760fe380fcf702db\\\/\"}]}<\/script>\n<!-- \/ Yoast SEO plugin. -->","yoast_head_json":{"title":"V\u00e9los d'appartement pour les seniors : Rester en forme \u00e0 tout \u00e2ge | isports Magazine","description":"V\u00e9los d'appartement pour les seniors : Quel est l'appareil \u00e0 v\u00e9lo optimal pour les personnes \u00e2g\u00e9es ? Guide d'achat et conseils pour commencer \u00e0 s'entra\u00eener | isports Home of Fitness","robots":{"index":"index","follow":"follow","max-snippet":"max-snippet:-1","max-image-preview":"max-image-preview:large","max-video-preview":"max-video-preview:-1"},"canonical":"https:\/\/isports.ch\/magazin\/fr\/velos-dappartement-pour-les-seniors-sentrainer-en-toute-securite-et-en-menageant-ses-articulations-a-un-age-avance\/","og_locale":"fr_FR","og_type":"article","og_title":"V\u00e9los d'appartement pour les seniors : Rester en forme \u00e0 tout \u00e2ge | isports Magazine","og_description":"V\u00e9los d'appartement pour les seniors : Quel est l'appareil \u00e0 v\u00e9lo optimal pour les personnes \u00e2g\u00e9es ? Guide d'achat et conseils pour commencer \u00e0 s'entra\u00eener | isports Home of Fitness","og_url":"https:\/\/isports.ch\/magazin\/fr\/velos-dappartement-pour-les-seniors-sentrainer-en-toute-securite-et-en-menageant-ses-articulations-a-un-age-avance\/","og_site_name":"isports Magazin","article_publisher":"https:\/\/www.facebook.com\/isports.ch\/","article_published_time":"2026-04-23T09:38:33+00:00","article_modified_time":"2026-04-24T14:55:05+00:00","og_image":[{"width":1248,"height":832,"url":"https:\/\/isports.ch\/magazin\/wp-content\/uploads\/2026\/04\/heimtrainer-fuer-senioren-mit-tiefem-einstieg-und-rutschfeste-pedale.jpg","type":"image\/jpeg"}],"author":"Emmanuel Zouboulis","twitter_card":"summary_large_image","twitter_misc":{"\u00c9crit par":"Emmanuel Zouboulis","Dur\u00e9e de lecture estim\u00e9e":"11 minutes"},"schema":{"@context":"https:\/\/schema.org","@graph":[{"@type":"Article","@id":"https:\/\/isports.ch\/magazin\/fr\/velos-dappartement-pour-les-seniors-sentrainer-en-toute-securite-et-en-menageant-ses-articulations-a-un-age-avance\/#article","isPartOf":{"@id":"https:\/\/isports.ch\/magazin\/fr\/velos-dappartement-pour-les-seniors-sentrainer-en-toute-securite-et-en-menageant-ses-articulations-a-un-age-avance\/"},"author":{"name":"Emmanuel Zouboulis","@id":"https:\/\/isports.ch\/magazin\/#\/schema\/person\/0318e7b2d84639a8a2b5f77a3266f449"},"headline":"V\u00e9los d\u2019appartement pour les seniors : s\u2019entra\u00eener en toute s\u00e9curit\u00e9 et en m\u00e9nageant ses articulations \u00e0 un \u00e2ge avanc\u00e9","datePublished":"2026-04-23T09:38:33+00:00","dateModified":"2026-04-24T14:55:05+00:00","mainEntityOfPage":{"@id":"https:\/\/isports.ch\/magazin\/fr\/velos-dappartement-pour-les-seniors-sentrainer-en-toute-securite-et-en-menageant-ses-articulations-a-un-age-avance\/"},"wordCount":1716,"publisher":{"@id":"https:\/\/isports.ch\/magazin\/#organization"},"image":{"@id":"https:\/\/isports.ch\/magazin\/fr\/velos-dappartement-pour-les-seniors-sentrainer-en-toute-securite-et-en-menageant-ses-articulations-a-un-age-avance\/#primaryimage"},"thumbnailUrl":"https:\/\/isports.ch\/magazin\/wp-content\/uploads\/2026\/04\/heimtrainer-fuer-senioren-mit-tiefem-einstieg-und-rutschfeste-pedale.jpg","keywords":["Entra\u00eenement d'endurance chez les personnes \u00e2g\u00e9es","ergom\u00e8tre","Ergom\u00e8tre","Guide d'achat V\u00e9los d'appartement pour seniors","P\u00e9dalier d'entra\u00eenement pour seniors","Rester en forme \u00e0 tout \u00e2ge","V\u00e9lo ergom\u00e8tre","V\u00e9los d'appartement pour les seniors"],"articleSection":["Endurance"],"inLanguage":"fr-FR"},{"@type":"WebPage","@id":"https:\/\/isports.ch\/magazin\/fr\/velos-dappartement-pour-les-seniors-sentrainer-en-toute-securite-et-en-menageant-ses-articulations-a-un-age-avance\/","url":"https:\/\/isports.ch\/magazin\/fr\/velos-dappartement-pour-les-seniors-sentrainer-en-toute-securite-et-en-menageant-ses-articulations-a-un-age-avance\/","name":"V\u00e9los d'appartement pour les seniors : Rester en forme \u00e0 tout \u00e2ge | isports Magazine","isPartOf":{"@id":"https:\/\/isports.ch\/magazin\/#website"},"primaryImageOfPage":{"@id":"https:\/\/isports.ch\/magazin\/fr\/velos-dappartement-pour-les-seniors-sentrainer-en-toute-securite-et-en-menageant-ses-articulations-a-un-age-avance\/#primaryimage"},"image":{"@id":"https:\/\/isports.ch\/magazin\/fr\/velos-dappartement-pour-les-seniors-sentrainer-en-toute-securite-et-en-menageant-ses-articulations-a-un-age-avance\/#primaryimage"},"thumbnailUrl":"https:\/\/isports.ch\/magazin\/wp-content\/uploads\/2026\/04\/heimtrainer-fuer-senioren-mit-tiefem-einstieg-und-rutschfeste-pedale.jpg","datePublished":"2026-04-23T09:38:33+00:00","dateModified":"2026-04-24T14:55:05+00:00","description":"V\u00e9los d'appartement pour les seniors : Quel est l'appareil \u00e0 v\u00e9lo optimal pour les personnes \u00e2g\u00e9es ? Guide d'achat et conseils pour commencer \u00e0 s'entra\u00eener | isports Home of Fitness","breadcrumb":{"@id":"https:\/\/isports.ch\/magazin\/fr\/velos-dappartement-pour-les-seniors-sentrainer-en-toute-securite-et-en-menageant-ses-articulations-a-un-age-avance\/#breadcrumb"},"inLanguage":"fr-FR","potentialAction":[{"@type":"ReadAction","target":["https:\/\/isports.ch\/magazin\/fr\/velos-dappartement-pour-les-seniors-sentrainer-en-toute-securite-et-en-menageant-ses-articulations-a-un-age-avance\/"]}]},{"@type":"ImageObject","inLanguage":"fr-FR","@id":"https:\/\/isports.ch\/magazin\/fr\/velos-dappartement-pour-les-seniors-sentrainer-en-toute-securite-et-en-menageant-ses-articulations-a-un-age-avance\/#primaryimage","url":"https:\/\/isports.ch\/magazin\/wp-content\/uploads\/2026\/04\/heimtrainer-fuer-senioren-mit-tiefem-einstieg-und-rutschfeste-pedale.jpg","contentUrl":"https:\/\/isports.ch\/magazin\/wp-content\/uploads\/2026\/04\/heimtrainer-fuer-senioren-mit-tiefem-einstieg-und-rutschfeste-pedale.jpg","width":1248,"height":832,"caption":"V\u00e9lo d'appartement pour seniors avec acc\u00e8s bas et p\u00e9dales antid\u00e9rapantes"},{"@type":"BreadcrumbList","@id":"https:\/\/isports.ch\/magazin\/fr\/velos-dappartement-pour-les-seniors-sentrainer-en-toute-securite-et-en-menageant-ses-articulations-a-un-age-avance\/#breadcrumb","itemListElement":[{"@type":"ListItem","position":1,"name":"Startseite","item":"https:\/\/isports.ch\/magazin\/fr\/"},{"@type":"ListItem","position":2,"name":"V\u00e9los d&#8217;appartement pour les seniors : s&#8217;entra\u00eener en toute s\u00e9curit\u00e9 et en m\u00e9nageant ses articulations \u00e0 un \u00e2ge avanc\u00e9"}]},{"@type":"WebSite","@id":"https:\/\/isports.ch\/magazin\/#website","url":"https:\/\/isports.ch\/magazin\/","name":"isports Magazin","description":"","publisher":{"@id":"https:\/\/isports.ch\/magazin\/#organization"},"potentialAction":[{"@type":"SearchAction","target":{"@type":"EntryPoint","urlTemplate":"https:\/\/isports.ch\/magazin\/?s={search_term_string}"},"query-input":{"@type":"PropertyValueSpecification","valueRequired":true,"valueName":"search_term_string"}}],"inLanguage":"fr-FR"},{"@type":"Organization","@id":"https:\/\/isports.ch\/magazin\/#organization","name":"isports","url":"https:\/\/isports.ch\/magazin\/","logo":{"@type":"ImageObject","inLanguage":"fr-FR","@id":"https:\/\/isports.ch\/magazin\/#\/schema\/logo\/image\/","url":"https:\/\/isports.ch\/magazin\/wp-content\/uploads\/2026\/04\/isports_logo-1.png","contentUrl":"https:\/\/isports.ch\/magazin\/wp-content\/uploads\/2026\/04\/isports_logo-1.png","width":1262,"height":539,"caption":"isports"},"image":{"@id":"https:\/\/isports.ch\/magazin\/#\/schema\/logo\/image\/"},"sameAs":["https:\/\/www.facebook.com\/isports.ch\/","https:\/\/www.linkedin.com\/company\/isports-ag\/","https:\/\/www.youtube.com\/channel\/UCNACX9fPh2lYQ94ikJ0VOGg\/videos","https:\/\/www.instagram.com\/isports.ch\/"]},{"@type":"Person","@id":"https:\/\/isports.ch\/magazin\/#\/schema\/person\/0318e7b2d84639a8a2b5f77a3266f449","name":"Emmanuel Zouboulis","image":{"@type":"ImageObject","inLanguage":"fr-FR","@id":"https:\/\/secure.gravatar.com\/avatar\/a3449097ee9ad77b44f6829fd27ae4c26aee898e18298af72c8ad7de714c38ec?s=96&d=mm&r=g","url":"https:\/\/secure.gravatar.com\/avatar\/a3449097ee9ad77b44f6829fd27ae4c26aee898e18298af72c8ad7de714c38ec?s=96&d=mm&r=g","contentUrl":"https:\/\/secure.gravatar.com\/avatar\/a3449097ee9ad77b44f6829fd27ae4c26aee898e18298af72c8ad7de714c38ec?s=96&d=mm&r=g","caption":"Emmanuel Zouboulis"},"url":"https:\/\/isports.ch\/magazin\/fr\/author\/760fe380fcf702db\/"}]}},"_links":{"self":[{"href":"https:\/\/isports.ch\/magazin\/fr\/wp-json\/wp\/v2\/posts\/10438","targetHints":{"allow":["GET"]}}],"collection":[{"href":"https:\/\/isports.ch\/magazin\/fr\/wp-json\/wp\/v2\/posts"}],"about":[{"href":"https:\/\/isports.ch\/magazin\/fr\/wp-json\/wp\/v2\/types\/post"}],"author":[{"embeddable":true,"href":"https:\/\/isports.ch\/magazin\/fr\/wp-json\/wp\/v2\/users\/10"}],"replies":[{"embeddable":true,"href":"https:\/\/isports.ch\/magazin\/fr\/wp-json\/wp\/v2\/comments?post=10438"}],"version-history":[{"count":10,"href":"https:\/\/isports.ch\/magazin\/fr\/wp-json\/wp\/v2\/posts\/10438\/revisions"}],"predecessor-version":[{"id":10505,"href":"https:\/\/isports.ch\/magazin\/fr\/wp-json\/wp\/v2\/posts\/10438\/revisions\/10505"}],"wp:featuredmedia":[{"embeddable":true,"href":"https:\/\/isports.ch\/magazin\/fr\/wp-json\/wp\/v2\/media\/10437"}],"wp:attachment":[{"href":"https:\/\/isports.ch\/magazin\/fr\/wp-json\/wp\/v2\/media?parent=10438"}],"wp:term":[{"taxonomy":"category","embeddable":true,"href":"https:\/\/isports.ch\/magazin\/fr\/wp-json\/wp\/v2\/categories?post=10438"},{"taxonomy":"post_tag","embeddable":true,"href":"https:\/\/isports.ch\/magazin\/fr\/wp-json\/wp\/v2\/tags?post=10438"}],"curies":[{"name":"wp","href":"https:\/\/api.w.org\/{rel}","templated":true}]}}